{"id":341511,"date":"2026-01-08T15:39:53","date_gmt":"2026-01-08T14:39:53","guid":{"rendered":"https:\/\/ripess.eu\/lalimentation-est-un-droit-humain-pour-tous-lancement-de-la-collection-signature-dans-toute-lue\/"},"modified":"2026-01-08T15:39:53","modified_gmt":"2026-01-08T14:39:53","slug":"lalimentation-est-un-droit-humain-pour-tous-lancement-de-la-collection-signature-dans-toute-lue","status":"publish","type":"post","link":"https:\/\/ripess.eu\/fr\/lalimentation-est-un-droit-humain-pour-tous-lancement-de-la-collection-signature-dans-toute-lue\/","title":{"rendered":"\u00ab\u00a0L&rsquo;alimentation est un droit humain pour tous ! Lancement de la collection Signature dans toute l&rsquo;UE"},"content":{"rendered":"<p>La collecte de signatures pour l&rsquo;initiative citoyenne europ\u00e9enne (ICE) \u00ab\u00a0L&rsquo;alimentation est un droit humain pour tous !\u00a0\u00bb s&rsquo;est officiellement ouverte aujourd&rsquo;hui, marquant un moment d\u00e9cisif pour la justice alimentaire en Europe. L&rsquo;initiative invite l&rsquo;Union europ\u00e9enne \u00e0 reconna\u00eetre l&rsquo;alimentation comme un droit humain fondamental par le biais de mesures l\u00e9gislatives contraignantes, garantissant l&rsquo;acc\u00e8s de toutes les personnes vivant dans l&rsquo;UE \u00e0 une alimentation ad\u00e9quate, durable et digne. <\/p>\n<p>Une initiative citoyenne europ\u00e9enne (ICE) est un instrument de d\u00e9mocratie participative pr\u00e9vu par la l\u00e9gislation europ\u00e9enne qui permet aux citoyens d&rsquo;inviter officiellement la Commission europ\u00e9enne \u00e0 proposer une nouvelle l\u00e9gislation. Pour \u00eatre prise en consid\u00e9ration, une ICE doit recueillir au moins un million de signatures valid\u00e9es de citoyens de l&rsquo;UE dans un nombre minimum d&rsquo;\u00c9tats membres.<br \/>\nBien que la Commission ne soit pas oblig\u00e9e d&rsquo;adopter la l\u00e9gislation propos\u00e9e, elle est l\u00e9galement tenue d&rsquo;examiner l&rsquo;initiative, de rencontrer ses organisateurs et de r\u00e9pondre publiquement \u00e0 ses demandes.<br \/>\nL&rsquo;ICE est soutenue par la coalition Good Food for All, qui rassemble plus de 240 organisations de toute l&rsquo;Europe, actives dans les domaines social, agricole, environnemental, du bien-\u00eatre animal, de l&rsquo;alimentation et des droits de l&rsquo;homme, et qui travaillent collectivement \u00e0 l&rsquo;\u00e9laboration de propositions politiques concr\u00e8tes pour des syst\u00e8mes alimentaires plus \u00e9quitables et plus durables.<br \/>\n\u00c0 l&rsquo;heure o\u00f9 l&rsquo;ins\u00e9curit\u00e9 alimentaire s&rsquo;\u00e9tend \u00e0 toute l&rsquo;Europe et o\u00f9 les syst\u00e8mes alimentaires industriels sont de plus en plus d\u00e9nonc\u00e9s pour leurs \u00e9checs sociaux et \u00e9cologiques, l&rsquo;initiative citoyenne europ\u00e9enne \u00ab\u00a0L&rsquo;alimentation est un droit humain pour tous ! L&rsquo;initiative citoyenne europ\u00e9enne pose une exigence simple et non n\u00e9gociable : l&rsquo;acc\u00e8s \u00e0 une alimentation ad\u00e9quate est un droit humain fondamental, et non une variable du march\u00e9\u00a0\u00bb Walter el Nagar, coordinateur de la campagne europ\u00e9enne, Good Food for All &#8211; Europe <\/p>\n<p>Objectifs de l&rsquo;initiative :<br \/>\nPar le biais de cette initiative, les citoyens invitent la Commission europ\u00e9enne \u00e0 :<br \/>\n&#8211; reconna\u00eetre l&rsquo;alimentation comme un droit humain fondamental dans les politiques et la l\u00e9gislation de l&rsquo;UE ;<br \/>\n&#8211; d\u00e9passer les approches de l&rsquo;acc\u00e8s \u00e0 l&rsquo;alimentation bas\u00e9es sur l&rsquo;urgence et l&rsquo;assistance ;<br \/>\n&#8211; garantir une alimentation digne, ad\u00e9quate et durable \u00e0 toutes les personnes vivant dans l&rsquo;Union europ\u00e9enne ;<br \/>\n&#8211; renforcer la coh\u00e9rence entre les politiques agricoles, sociales, sanitaires et environnementales en ce qui concerne le droit \u00e0 l&rsquo;alimentation.<\/p>\n<p>Lancement public officiel \u00e0 Bruxelles<br \/>\nLe lancement public officiel de l&rsquo;initiative citoyenne europ\u00e9enne aura lieu avec une flashmob le 14 janvier 2026 \u00e0 12h30, Place Luxembourg, devant le Parlement europ\u00e9en \u00e0 Bruxelles.<\/p>\n<p>Comment participer<br \/>\nLa collecte de signatures est ouverte \u00e0 tous les citoyens de l&rsquo;UE \u00e0 partir du 7 janvier 2026 et durera un an. Chaque signature contribue \u00e0 atteindre le seuil requis pour que l&rsquo;Initiative soit formellement examin\u00e9e par la Commission europ\u00e9enne. <\/p>\n<p>Plus d&rsquo;informations et collection de signatures <a href=\"https:\/\/www.goodfoodforall.eu\/\">:<\/a> https:\/\/www.goodfoodforall.eu\/<br \/>\nSignez ici <a href=\"https:\/\/eci.ec.europa.eu\/053\/public\">: https:\/\/eci.ec.europa.eu\/053\/public<\/a><\/p>\n<p>Good Food For All est une organisation non gouvernementale bas\u00e9e \u00e0 Bruxelles, cr\u00e9\u00e9e pour d\u00e9fendre et mettre en \u0153uvre l&rsquo;initiative citoyenne europ\u00e9enne (ICE) intitul\u00e9e \u00ab\u00a0L&rsquo;alimentation est un droit humain pour tous\u00a0\u00bb. Notre mission est d&rsquo;assurer la r\u00e9alisation universelle du droit \u00e0 l&rsquo;alimentation au sein de l&rsquo;Union europ\u00e9enne par le biais d&rsquo;une action d\u00e9mocratique et d&rsquo;une r\u00e9forme juridique.<br \/>\nL&rsquo;ICE est n\u00e9e du deuxi\u00e8me Forum d\u00e9mocratique sur le droit \u00e0 l&rsquo;alimentation, qui s&rsquo;est tenu \u00e0 Gen\u00e8ve et au cours duquel plus de 60 repr\u00e9sentants de la soci\u00e9t\u00e9 civile europ\u00e9enne ont collabor\u00e9 \u00e0 l&rsquo;\u00e9laboration de cette initiative historique.<br \/>\nGood Food For All &#8211; Europe<br \/>\nNum\u00e9ro d&rsquo;ONG : 1018.139.219 &#8211; TOPOS Parlement, Rue d&rsquo;Arlon 25, 1050 Ixelles, Belgique <\/p>\n","protected":false},"excerpt":{"rendered":"<p>La collecte de signatures pour l&rsquo;initiative citoyenne europ\u00e9enne (ICE) \u00ab\u00a0L&rsquo;alimentation est un droit humain pour tous !\u00a0\u00bb s&rsquo;est officiellement ouverte aujourd&rsquo;hui, marquant un moment d\u00e9cisif pour la justice alimentaire en [&hellip;]<\/p>\n","protected":false},"author":26,"featured_media":341510,"comment_status":"closed","ping_status":"closed","sticky":false,"template":"","format":"standard","meta":{"_et_pb_use_builder":"","_et_pb_old_content":"","_et_gb_content_width":"","wds_primary_category":0,"footnotes":""},"categories":[619,94],"tags":[],"class_list":["post-341511","post","type-post","status-publish","format-standard","has-post-thumbnail","hentry","category-campaign-fr","category-home-fr","et-has-post-format-content","et_post_format-et-post-format-standard"],"_links":{"self":[{"href":"https:\/\/ripess.eu\/fr\/wp-json\/wp\/v2\/posts\/341511","targetHints":{"allow":["GET"]}}],"collection":[{"href":"https:\/\/ripess.eu\/fr\/wp-json\/wp\/v2\/posts"}],"about":[{"href":"https:\/\/ripess.eu\/fr\/wp-json\/wp\/v2\/types\/post"}],"author":[{"embeddable":true,"href":"https:\/\/ripess.eu\/fr\/wp-json\/wp\/v2\/users\/26"}],"replies":[{"embeddable":true,"href":"https:\/\/ripess.eu\/fr\/wp-json\/wp\/v2\/comments?post=341511"}],"version-history":[{"count":0,"href":"https:\/\/ripess.eu\/fr\/wp-json\/wp\/v2\/posts\/341511\/revisions"}],"wp:featuredmedia":[{"embeddable":true,"href":"https:\/\/ripess.eu\/fr\/wp-json\/wp\/v2\/media\/341510"}],"wp:attachment":[{"href":"https:\/\/ripess.eu\/fr\/wp-json\/wp\/v2\/media?parent=341511"}],"wp:term":[{"taxonomy":"category","embeddable":true,"href":"https:\/\/ripess.eu\/fr\/wp-json\/wp\/v2\/categories?post=341511"},{"taxonomy":"post_tag","embeddable":true,"href":"https:\/\/ripess.eu\/fr\/wp-json\/wp\/v2\/tags?post=341511"}],"curies":[{"name":"wp","href":"https:\/\/api.w.org\/{rel}","templated":true}]}}