{"id":340709,"date":"2025-06-18T14:43:57","date_gmt":"2025-06-18T12:43:57","guid":{"rendered":"https:\/\/ripess.eu\/appel-a-projets-youth-care\/"},"modified":"2025-06-18T14:43:57","modified_gmt":"2025-06-18T12:43:57","slug":"appel-a-projets-youth-care","status":"publish","type":"post","link":"https:\/\/ripess.eu\/fr\/appel-a-projets-youth-care\/","title":{"rendered":"Appel \u00e0 projets YOU(th) CARE"},"content":{"rendered":"<p><em>Article par Andrea Rodriguez, RIPESS Europe<\/em><\/p>\n<p>L&rsquo;initiative YOU(th) CARE : Action collective pour la justice et le changement, financ\u00e9e par le programme DEAR de l&rsquo;Union europ\u00e9enne, lance un appel \u00e0 propositions dont la date limite est fix\u00e9e au 30 juin 2025. Cette opportunit\u00e9 vise \u00e0 promouvoir les initiatives de jeunes qui favorisent la justice sociale, la durabilit\u00e9 \u00e9cologique et l&rsquo;\u00e9galit\u00e9 des sexes, en travaillant dans une perspective de solidarit\u00e9, d&rsquo;intersectionnalit\u00e9 et de bienveillance. <\/p>\n<p>Jusqu&rsquo;\u00e0 280 000 euros pour financer des projets ayant un impact social et transformateur.<br \/>\nD\u00e9couvrez tous les crit\u00e8res de s\u00e9lection et de participation sur notre plateforme virtuelle <a href=\"https:\/\/community.youth-care.eu\/local\/edwiserpagebuilder\/page.php?id=7\">: https:\/\/community.youth-care.eu\/local\/edwiserpagebuilder\/page.php?id=7<\/a><\/p>\n<p><strong>Pourquoi un processus de sous-financement dans le projet You(th)CARE ?<\/strong><br \/>\nYOU(th)CARE est n\u00e9 en r\u00e9ponse aux multiples crises sociales et \u00e9cologiques auxquelles le monde est confront\u00e9. Il soutient les collectifs de jeunes et les mouvements citoyens en Europe et dans la r\u00e9gion m\u00e9diterran\u00e9enne, en renfor\u00e7ant leurs propositions de transformation bas\u00e9es sur l&rsquo;attention et le pouvoir collectif. Par la formation, le financement et le mentorat, il cherche \u00e0 donner aux initiatives de jeunes dans ces r\u00e9gions les moyens de faire entendre leurs voix et leurs projets.<br \/>\nLe projet You(th) CARE a d\u00e9marr\u00e9 en d\u00e9cembre 2023 et depuis lors, nous avons cartographi\u00e9 les initiatives de jeunes dans les 12 pays impliqu\u00e9s dans le programme (Espagne, France, Luxembourg, Belgique, Italie, Gr\u00e8ce, R\u00e9publique tch\u00e8que, Hongrie, Albanie, Serbie, Maroc, et Tunisie). Nous avons organis\u00e9 des formations en ligne et en face-\u00e0-face afin d&rsquo;\u00e9laborer une id\u00e9e commune des soins qui puisse \u00eatre appliqu\u00e9e \u00e0 la r\u00e9alit\u00e9 des diff\u00e9rentes organisations. Selon les contextes, nous avons \u00e9galement travaill\u00e9 sur l&rsquo;antiracisme, la sant\u00e9 mentale et le besoin d&rsquo;espaces de rencontre, autant de th\u00e8mes qui sont n\u00e9s des besoins des initiatives elles-m\u00eames. Au d\u00e9but de cette ann\u00e9e, nous avons r\u00e9ussi \u00e0 r\u00e9diger les 12 agendas qui rassemblent les questions les plus importantes pour les jeunes dans les diff\u00e9rents pays.     <\/p>\n<p>Il est temps de passer \u00e0 l&rsquo;action et c&rsquo;est pourquoi nous lan\u00e7ons cet appel au sous-financement, dans le but d&rsquo;offrir des opportunit\u00e9s et des ressources \u00e0 ces initiatives qui r\u00e9alisent d\u00e9j\u00e0 un excellent travail dans leur contexte local.<br \/>\nBien s\u00fbr, les initiatives qui travaillent avec nous depuis le d\u00e9but dans le cadre du projet You(th)CARE auront plus de chances d&rsquo;obtenir la subvention, mais nous ne voulons laisser personne de c\u00f4t\u00e9, alors si vous appartenez \u00e0 l&rsquo;un de ces 12 pays, que vous \u00eates une initiative de jeunesse ou que vous travaillez avec des jeunes, et que vous avez une proposition transformatrice, n&rsquo;h\u00e9sitez pas \u00e0 participer \u00e0 l&rsquo;appel.<\/p>\n<p><strong>Domaines d&rsquo;action et fonds disponibles<\/strong><br \/>\nL&rsquo;appel est divis\u00e9 en trois lots, chacun avec une fourchette de financement sp\u00e9cifique :<\/p>\n<ul>\n<li><span style=\"font-weight: 400\">LEARN (Transformative Education) &#8211; De 6 000 \u00e0 10 000 euros &#8211; <\/span>Initiatives dans les communaut\u00e9s \u00e9ducatives, scolaires ou non formelles : ateliers, formation \u00e0 la citoyennet\u00e9 mondiale, campagnes de sensibilisation ou \u00e9changes \u00e9ducatifs.<\/li>\n<li><span style=\"font-weight: 400\">ACT (Initiatives sociales et \u00e9cologiques) &#8211; De 8 000 \u00e0 15 000 euros &#8211; <\/span>Projets communautaires : r\u00e9g\u00e9n\u00e9ration d&rsquo;espaces verts, march\u00e9s durables, entreprises d&rsquo;\u00e9conomie solidaire, cr\u00e9ation d&rsquo;espaces s\u00fbrs pour les jeunes.<\/li>\n<li><span style=\"font-weight: 400\">ENGAGE (campagnes de sensibilisation et de pla idoyer) &#8211; De 6 000 \u00e0 10 000 \u20ac &#8211; <\/span>Campagnes de sensibilisation et de plaidoyer : plaidoyer politique, pr\u00e9sence des jeunes dans les m\u00e9dias et les institutions, activisme innovant.<\/li>\n<\/ul>\n<p>Entre 1 et 4 projets par pays seront soutenus, en recherchant un \u00e9quilibre g\u00e9ographique.<\/p>\n<p>Nous vous rappelons que vous devez poser votre candidature en partenariat avec au moins une autre initiative de votre r\u00e9gion et que la date limite est le 30 juin.<br \/>\nV\u00e9rifiez toutes les exigences sur notre <a href=\"https:\/\/community.youth-care.eu\">site web<\/a> et restez \u00e0 l&rsquo;\u00e9coute des futurs appels.<br \/>\nSi vous avez des questions, veuillez nous contacter \u00e0 l&rsquo;adresse suivante : <a href=\"mailto:andrea.rodriguez@ripess.org\">andrea.rodriguez@ripess.org<\/a><\/p>\n","protected":false},"excerpt":{"rendered":"<p>Article par Andrea Rodriguez, RIPESS Europe L&rsquo;initiative YOU(th) CARE : Action collective pour la justice et le changement, financ\u00e9e par le programme DEAR de l&rsquo;Union europ\u00e9enne, lance un appel \u00e0 [&hellip;]<\/p>\n","protected":false},"author":26,"featured_media":340777,"comment_status":"closed","ping_status":"closed","sticky":false,"template":"","format":"standard","meta":{"_et_pb_use_builder":"","_et_pb_old_content":"","_et_gb_content_width":"","wds_primary_category":0,"footnotes":""},"categories":[2809],"tags":[1223,2070],"class_list":["post-340709","post","type-post","status-publish","format-standard","has-post-thumbnail","hentry","category-projets-cooperatifs","tag-jeunes-fr","tag-projet-fr","et-has-post-format-content","et_post_format-et-post-format-standard"],"_links":{"self":[{"href":"https:\/\/ripess.eu\/fr\/wp-json\/wp\/v2\/posts\/340709","targetHints":{"allow":["GET"]}}],"collection":[{"href":"https:\/\/ripess.eu\/fr\/wp-json\/wp\/v2\/posts"}],"about":[{"href":"https:\/\/ripess.eu\/fr\/wp-json\/wp\/v2\/types\/post"}],"author":[{"embeddable":true,"href":"https:\/\/ripess.eu\/fr\/wp-json\/wp\/v2\/users\/26"}],"replies":[{"embeddable":true,"href":"https:\/\/ripess.eu\/fr\/wp-json\/wp\/v2\/comments?post=340709"}],"version-history":[{"count":0,"href":"https:\/\/ripess.eu\/fr\/wp-json\/wp\/v2\/posts\/340709\/revisions"}],"wp:featuredmedia":[{"embeddable":true,"href":"https:\/\/ripess.eu\/fr\/wp-json\/wp\/v2\/media\/340777"}],"wp:attachment":[{"href":"https:\/\/ripess.eu\/fr\/wp-json\/wp\/v2\/media?parent=340709"}],"wp:term":[{"taxonomy":"category","embeddable":true,"href":"https:\/\/ripess.eu\/fr\/wp-json\/wp\/v2\/categories?post=340709"},{"taxonomy":"post_tag","embeddable":true,"href":"https:\/\/ripess.eu\/fr\/wp-json\/wp\/v2\/tags?post=340709"}],"curies":[{"name":"wp","href":"https:\/\/api.w.org\/{rel}","templated":true}]}}