{"id":341569,"date":"2026-01-28T13:16:35","date_gmt":"2026-01-28T12:16:35","guid":{"rendered":"https:\/\/ripess.eu\/de-la-convergencia-a-la-accion-construir-juntos-la-cpaa\/"},"modified":"2026-01-28T13:16:35","modified_gmt":"2026-01-28T12:16:35","slug":"de-la-convergencia-a-la-accion-construir-juntos-la-cpaa","status":"publish","type":"post","link":"https:\/\/ripess.eu\/es\/de-la-convergencia-a-la-accion-construir-juntos-la-cpaa\/","title":{"rendered":"De la Convergencia a la Acci\u00f3n: Construir juntos la CPAA"},"content":{"rendered":"<p><em>Autor: RIPESS Europe<\/em><\/p>\n<p>El <a href=\"https:\/\/nyeleniglobalforum.org\/\">III Foro Mundial Ny\u00e9l\u00e9ni<\/a> celebrado en Kandy, Sri Lanka, marc\u00f3 un momento decisivo en el camino colectivo hacia la transformaci\u00f3n sist\u00e9mica. Al reunir a campesinos, pueblos ind\u00edgenas, trabajadores, mujeres, migrantes, activistas del clima y la salud y profesionales de la econom\u00eda solidaria de todo el mundo, el foro reafirm\u00f3 una poderosa verdad: la soberan\u00eda alimentaria no es una reivindicaci\u00f3n sectorial, sino un proyecto pol\u00edtico arraigado en la solidaridad, la justicia y el cuidado globales. <\/p>\n<p>En el centro de esta convergencia est\u00e1 la Agenda de Acci\u00f3n Pol\u00edtica Com\u00fan (AAPC), una hoja de ruta colectiva elaborada durante casi dos a\u00f1os mediante consultas populares en todas las regiones. La CPAA no ofrece s\u00f3lo soluciones pol\u00edticas. Por el contrario, se enfrenta a las crisis interconectadas del capitalismo, el colonialismo, el patriarcado, el racismo y la captura corporativa con una visi\u00f3n compartida de la democracia popular, la paz, la soberan\u00eda alimentaria, la agroecolog\u00eda, la salud, la justicia clim\u00e1tica y las econom\u00edas centradas en las personas. Estructurada en torno a qui\u00e9nes somos, por qu\u00e9 actuamos, qu\u00e9 pretendemos transformar y c\u00f3mo avanzaremos juntos, la CPAA est\u00e1 dise\u00f1ada como una br\u00fajula pol\u00edtica viva para los movimientos sobre el terreno.   <\/p>\n<p>Un punto fuerte clave de este proceso ha sido la profundizaci\u00f3n de las alianzas m\u00e1s all\u00e1 de los l\u00edmites tradicionales del movimiento por la soberan\u00eda alimentaria. La RIPESS est\u00e1 desempe\u00f1ando un papel importante en esta expansi\u00f3n. Al unirse al proceso de Ny\u00e9l\u00e9ni como actor de pleno derecho del movimiento, la RIPESS contribuy\u00f3 a situar claramente la econom\u00eda solidaria en el centro pol\u00edtico del debate. Durante a\u00f1os, la RIPESS y sus miembros han defendido que la soberan\u00eda alimentaria no puede lograrse sin transformar la propia econom\u00eda. En Kandy, esta perspectiva reson\u00f3 con fuerza: la econom\u00eda solidaria fue reconocida no s\u00f3lo como un conjunto de alternativas, sino como una metodolog\u00eda ascendente para reconstruir la vida econ\u00f3mica en torno a la cooperaci\u00f3n, el cuidado, el control comunitario y el equilibrio ecol\u00f3gico.    <\/p>\n<p>La participaci\u00f3n de la RIPESS en el Comit\u00e9 Directivo y su diversa delegaci\u00f3n mundial reforzaron la idea de que la transformaci\u00f3n de los sistemas alimentarios puede catalizar un cambio sist\u00e9mico m\u00e1s amplio. Al vincular la soberan\u00eda alimentaria con la econom\u00eda feminista, el trabajo de cuidados y la propiedad colectiva, la RIPESS contribuy\u00f3 a fundamentar el CPAA en alternativas pr\u00e1cticas y vividas que ya se est\u00e1n construyendo en territorios de todo el mundo. <\/p>\n<p>Las organizaciones feministas reafirmaron que no hay soberan\u00eda alimentaria sin feminismo, destacando c\u00f3mo las luchas cotidianas de las mujeres y las econom\u00edas del cuidado sostienen la vida al tiempo que se resisten al extractivismo y al capitalismo verde. Los l\u00edderes ind\u00edgenas recordaron al foro que la soberan\u00eda alimentaria es inseparable de la tierra, la cultura y la autodeterminaci\u00f3n, y que la solidaridad debe traducirse en un apoyo concreto a los derechos ind\u00edgenas. Los movimientos de migrantes expusieron c\u00f3mo los sistemas alimentarios corporativos dependen de la explotaci\u00f3n y el desplazamiento, al tiempo que se\u00f1alaron los lugares de producci\u00f3n alimentaria como espacios de resistencia y dignidad. Los movimientos sanitarios, las redes de justicia clim\u00e1tica y los sindicatos aportaron cada uno sus realidades al an\u00e1lisis colectivo, reforzando el car\u00e1cter interseccional del CPAA.   <\/p>\n<p>La Declaraci\u00f3n de Kandy y la pr\u00f3xima CPAA se\u00f1alan un cambio de la convergencia a la acci\u00f3n coordinada. Hacen un llamamiento a los movimientos no s\u00f3lo a resistir la opresi\u00f3n, la guerra, la deuda y el poder corporativo, sino a construir activamente las alternativas que hagan posible otro mundo. <\/p>\n<p><em>Esta edici\u00f3n del <a href=\"https:\/\/nyeleni.org\/en\/category\/newsletters-nyeleni-in-english\/newsletter-no-62-3rd-nyeleni-forum-building-global-solidarity-for-systemic-transformation\/\">bolet\u00edn de Ny\u00e9l\u00e9ni<\/a> comparte una selecci\u00f3n de lo m\u00e1s destacado del foro, recogiendo varias de las perspectivas de los participantes. Como afirma la declaraci\u00f3n de Kandy A trav\u00e9s de todas las diversidades que representamos, para fortalecer nuestras luchas, alzamos juntas nuestras voces, declarando: Transformaci\u00f3n Sist\u00e9mica, Ahora y Siempre. <\/em><\/p>\n<p>La Declaraci\u00f3n de Kandy es una declaraci\u00f3n pol\u00edtica y orientada a la acci\u00f3n del III Foro Mundial Ny\u00e9l\u00e9ni celebrado este mes de septiembre en Sri Lanka. La Declaraci\u00f3n es el resultado de una profunda consulta democr\u00e1tica con las regiones y los movimientos globales en varias rondas aclamadas por el Foro. Est\u00e1 traducida a 18 idiomas y se present\u00f3 p\u00fablicamente por primera vez en la Cumbre de los Pueblos celebrada en Belem durante la COP30 en noviembre de este a\u00f1o. La Declaraci\u00f3n de Kandy es un llamamiento a la convergencia de las luchas de los movimientos mundiales por los derechos de los pueblos y la paz, la sostenibilidad y la justicia clim\u00e1tica, la econom\u00eda feminista y solidaria, la salud para todos y los bienes comunes.   <\/p>\n<p>Puedes leer la Declaraci\u00f3n de Kandy <a href=\"https:\/\/www.socioeco.org\/bdf_fiche-document-9605_en.html\">aqu\u00ed.<\/a><\/p>\n<p>V\u00e9ase tambi\u00e9n este art\u00edculo escrito anteriormente sobre el pr\u00f3ximo CPAA Ny\u00e9l\u00e9ni<a href=\"https:\/\/www.socioeco.org\/bdf_fiche-document-9604_en.html\">\u00abParticipaci\u00f3n, pedagog\u00eda y proceso Ny\u00e9l\u00e9ni<\/a>\u00ab.<\/p>\n","protected":false},"excerpt":{"rendered":"<p>Autor: RIPESS Europe El III Foro Mundial Ny\u00e9l\u00e9ni celebrado en Kandy, Sri Lanka, marc\u00f3 un momento decisivo en el camino colectivo hacia la transformaci\u00f3n sist\u00e9mica. Al reunir a campesinos, pueblos [&hellip;]<\/p>\n","protected":false},"author":26,"featured_media":341568,"comment_status":"closed","ping_status":"closed","sticky":false,"template":"","format":"standard","meta":{"_et_pb_use_builder":"","_et_pb_old_content":"","_et_gb_content_width":"","wds_primary_category":0,"footnotes":""},"categories":[2211],"tags":[8962,2304],"class_list":["post-341569","post","type-post","status-publish","format-standard","has-post-thumbnail","hentry","category-noticias-de-la-red-es","tag-nyeleni","tag-soberania-alimentaria","et-has-post-format-content","et_post_format-et-post-format-standard"],"_links":{"self":[{"href":"https:\/\/ripess.eu\/es\/wp-json\/wp\/v2\/posts\/341569","targetHints":{"allow":["GET"]}}],"collection":[{"href":"https:\/\/ripess.eu\/es\/wp-json\/wp\/v2\/posts"}],"about":[{"href":"https:\/\/ripess.eu\/es\/wp-json\/wp\/v2\/types\/post"}],"author":[{"embeddable":true,"href":"https:\/\/ripess.eu\/es\/wp-json\/wp\/v2\/users\/26"}],"replies":[{"embeddable":true,"href":"https:\/\/ripess.eu\/es\/wp-json\/wp\/v2\/comments?post=341569"}],"version-history":[{"count":0,"href":"https:\/\/ripess.eu\/es\/wp-json\/wp\/v2\/posts\/341569\/revisions"}],"wp:featuredmedia":[{"embeddable":true,"href":"https:\/\/ripess.eu\/es\/wp-json\/wp\/v2\/media\/341568"}],"wp:attachment":[{"href":"https:\/\/ripess.eu\/es\/wp-json\/wp\/v2\/media?parent=341569"}],"wp:term":[{"taxonomy":"category","embeddable":true,"href":"https:\/\/ripess.eu\/es\/wp-json\/wp\/v2\/categories?post=341569"},{"taxonomy":"post_tag","embeddable":true,"href":"https:\/\/ripess.eu\/es\/wp-json\/wp\/v2\/tags?post=341569"}],"curies":[{"name":"wp","href":"https:\/\/api.w.org\/{rel}","templated":true}]}}